{"id":7807,"date":"2023-09-11T17:59:52","date_gmt":"2023-09-11T15:59:52","guid":{"rendered":"https:\/\/www.routhiau.fr\/cms\/?p=7807"},"modified":"2023-10-16T11:01:47","modified_gmt":"2023-10-16T09:01:47","slug":"mois-douche-2023","status":"publish","type":"post","link":"https:\/\/www.routhiau.fr\/cms\/actualites\/mois-douche-2023\/","title":{"rendered":"Mois de la douche 2023"},"content":{"rendered":"\n<p>Du <strong>11 septembre<\/strong> au <strong>14 octobre 2023<\/strong>, profitez de la <strong>TVA offerte<\/strong> sur une s\u00e9lection de produits d\u00e9di\u00e9s \u00e0 la douche.<\/p>\n\n\n\n<p>Votre<strong> colonne de douche<\/strong> commence \u00e0 faire des siennes ? C&rsquo;est le moment id\u00e9al pour la changer ! Plusieurs options s&rsquo;offrent \u00e0 vous. Vous pouvez opter pour une nouvelle colonne ou adopter un <strong>syst\u00e8me de douche encastr\u00e9<\/strong>. Facile \u00e0 installer, il se glisse id\u00e9alement derri\u00e8re nos <strong>panneaux muraux <a href=\"https:\/\/vipanel.fr\/\">VIPANEL<\/a><\/strong>.<\/p>\n\n\n\n<p>Mais ce n&rsquo;est pas tout. Le mois de la douche, c&rsquo;est aussi et l&rsquo;occasion de d\u00e9couvrir nos <strong>receveurs en pierre recompos\u00e9e<\/strong>. Accompagn\u00e9s d&rsquo;une <strong>paroi en verre s\u00e9rigraphi\u00e9<\/strong>, ils feront de votre salle de bains un espace qui invite au bien-\u00eatre et \u00e0 la d\u00e9tente. De plus, ces receveurs sont fabriqu\u00e9s en France.<\/p>\n\n\n\n<p>Vous souhaitez conserver votre baignoire, pas de tracas ! Pendant notre offre promotionnelle, nous vous proposons aussi un panel de <strong>mitigeurs bains\/douche<\/strong>. Associ\u00e9 avec une de <strong>barre de douche<\/strong> et une <strong>douchette 3 jets<\/strong>, vous profiterez ainsi du meilleur des deux mondes !<\/p>\n\n\n\n<p>Pour finir de transformer votre salle de bains, nos <strong>accessoires<\/strong> sont aussi en promotion. <strong>Tablette<\/strong>, <strong>distributeur de savon<\/strong>, <strong>crochet<\/strong>, <strong>raclette<\/strong>&#8230; Tout pour faire de votre douche un espace \u00e0 la fois pratique et design.<\/p>\n\n\n\n<p><strong><a data-type=\"URL\" data-id=\"https:\/\/www.routhiau.fr\/cms\/category\/nos-agences\/\" href=\"https:\/\/www.routhiau.fr\/cms\/category\/nos-agences\/\">Trouvez ici<\/a> le showroom<\/strong> le plus proche de chez vous et prenez rendez-vous d\u00e8s aujourd&rsquo;hui !<\/p>\n\n\n\n<h3 class=\"wp-block-heading\">Conditions du mois de la douche<\/h3>\n\n\n\n<p>Montant \u00e9quivalent \u00e0 la TVA de 20%, soit une <strong>remise de 16,67 %, \u00e0 d\u00e9duire sur le tarif public<\/strong>. Offre valable pour toutes <strong>commandes pass\u00e9es avant le 14 octobre 2023<\/strong>, uniquement sur les gammes de produits suivant  :<\/p>\n\n\n\n<ul>\n<li><strong>Receveurs<\/strong> <strong><a href=\"https:\/\/mcbath.eu\/fr\">McBath<\/a><\/strong> et <strong>ZEN<\/strong> (hors standard).<\/li>\n\n\n\n<li><strong>Parois<\/strong> <strong><a href=\"https:\/\/www.inda.net\/fr\/produits\/parois-de-douche\">INDA<\/a><\/strong>, <strong><a href=\"https:\/\/www.roth-france.fr\/espace-douche\/parois-de-douche\">ROTHALUX<\/a><\/strong> et <strong><a href=\"https:\/\/www.novellini.fr\/produits\/parois-de-douche.html\">NOVELLINI<\/a><\/strong>.<\/li>\n\n\n\n<li><strong>Colonnes<\/strong> et les <strong>syst\u00e8mes encastr\u00e9s<\/strong> <strong><a href=\"https:\/\/www.nobili.it\/fr\/products\/shower\/\">NOBILI<\/a><\/strong> (gamme Premium et Seven), <strong>ZEN<\/strong> et <strong><a href=\"https:\/\/www.hansgrohe.fr\/salle-de-bain\/produits\/douches\">AXOR \/ HANSGROHE<\/a><\/strong>.<\/li>\n\n\n\n<li><strong>Panneaux muraux<\/strong> <strong>McBath<\/strong>, <strong>ZEN<\/strong> (hors standard) et <strong>VIPANEL<\/strong>.<\/li>\n\n\n\n<li><strong>Accessoires<\/strong> <strong>INDA<\/strong>, <strong>GEDY<\/strong> (hors stock), <strong>NOVELLINI<\/strong>, <strong>HANSGROHE<\/strong> et <strong><a href=\"https:\/\/www.profil-concept.fr\/\">PROFIL CONCEPT<\/a><\/strong> (hors stock). <\/li>\n<\/ul>\n\n\n\n<p>Offre <strong>non valable sur les articles en promotion<\/strong> et la <strong>s\u00e9lection salle de bains n\u00b023-2<\/strong>.<\/p>\n","protected":false},"excerpt":{"rendered":"<p>Du 11 septembre au 14 octobre 2023, profitez de la TVA offerte sur une s\u00e9lection de produits d\u00e9di\u00e9s \u00e0 la douche. Votre colonne de douche commence \u00e0 faire des siennes ? C&rsquo;est le moment id\u00e9al pour la changer ! Plusieurs options s&rsquo;offrent \u00e0 vous. Vous pouvez opter pour une nouvelle colonne ou adopter un syst\u00e8me [&hellip;]<\/p>\n","protected":false},"author":1,"featured_media":7810,"comment_status":"closed","ping_status":"open","sticky":false,"template":"","format":"standard","meta":{"_acf_changed":false,"footnotes":""},"categories":[89,94],"tags":[37,42,83,41,44,81,80],"acf":[],"yoast_head":"<!-- This site is optimized with the Yoast SEO plugin v23.4 - https:\/\/yoast.com\/wordpress\/plugins\/seo\/ -->\n<title>Mois de la douche 2023 - Routhiau<\/title>\n<meta name=\"description\" content=\"Du 11 septembre au 14 octobre 2023, profitez de la TVA offerte sur une s\u00e9lection de produits d\u00e9di\u00e9s \u00e0 la douche.\" \/>\n<meta name=\"robots\" content=\"index, follow, max-snippet:-1, max-image-preview:large, max-video-preview:-1\" \/>\n<link rel=\"canonical\" href=\"https:\/\/www.routhiau.fr\/cms\/actualites\/mois-douche-2023\/\" \/>\n<meta property=\"og:locale\" content=\"fr_FR\" \/>\n<meta property=\"og:type\" content=\"article\" \/>\n<meta property=\"og:title\" content=\"Mois de la douche 2023 - Routhiau\" \/>\n<meta property=\"og:description\" content=\"Du 11 septembre au 14 octobre 2023, profitez de la TVA offerte sur une s\u00e9lection de produits d\u00e9di\u00e9s \u00e0 la douche.\" \/>\n<meta property=\"og:url\" content=\"https:\/\/www.routhiau.fr\/cms\/actualites\/mois-douche-2023\/\" \/>\n<meta property=\"og:site_name\" content=\"Routhiau\" \/>\n<meta property=\"article:publisher\" content=\"https:\/\/www.facebook.com\/routhiausas\" \/>\n<meta property=\"article:published_time\" content=\"2023-09-11T15:59:52+00:00\" \/>\n<meta property=\"article:modified_time\" content=\"2023-10-16T09:01:47+00:00\" \/>\n<meta property=\"og:image\" content=\"https:\/\/www.routhiau.fr\/cms\/wp-content\/uploads\/2023\/09\/mois_douche_routhiau_2023.jpg\" \/>\n\t<meta property=\"og:image:width\" content=\"1920\" \/>\n\t<meta property=\"og:image:height\" content=\"800\" \/>\n\t<meta property=\"og:image:type\" content=\"image\/jpeg\" \/>\n<meta name=\"author\" content=\"wpRouthiau\" \/>\n<meta name=\"twitter:card\" content=\"summary_large_image\" \/>\n<meta name=\"twitter:label1\" content=\"\u00c9crit par\" \/>\n\t<meta name=\"twitter:data1\" content=\"wpRouthiau\" \/>\n\t<meta name=\"twitter:label2\" content=\"Dur\u00e9e de lecture estim\u00e9e\" \/>\n\t<meta name=\"twitter:data2\" content=\"2 minutes\" \/>\n<script type=\"application\/ld+json\" class=\"yoast-schema-graph\">{\"@context\":\"https:\/\/schema.org\",\"@graph\":[{\"@type\":\"Article\",\"@id\":\"https:\/\/www.routhiau.fr\/cms\/actualites\/mois-douche-2023\/#article\",\"isPartOf\":{\"@id\":\"https:\/\/www.routhiau.fr\/cms\/actualites\/mois-douche-2023\/\"},\"author\":{\"name\":\"wpRouthiau\",\"@id\":\"https:\/\/www.routhiau.fr\/cms\/#\/schema\/person\/29fabcb7f91310d8fab4900232a7216c\"},\"headline\":\"Mois de la douche 2023\",\"datePublished\":\"2023-09-11T15:59:52+00:00\",\"dateModified\":\"2023-10-16T09:01:47+00:00\",\"mainEntityOfPage\":{\"@id\":\"https:\/\/www.routhiau.fr\/cms\/actualites\/mois-douche-2023\/\"},\"wordCount\":329,\"publisher\":{\"@id\":\"https:\/\/www.routhiau.fr\/cms\/#organization\"},\"image\":{\"@id\":\"https:\/\/www.routhiau.fr\/cms\/actualites\/mois-douche-2023\/#primaryimage\"},\"thumbnailUrl\":\"https:\/\/i0.wp.com\/www.routhiau.fr\/cms\/wp-content\/uploads\/2023\/09\/mois_douche_routhiau_2023.jpg?fit=1920%2C800&ssl=1\",\"keywords\":[\"barre de douche\",\"colonne de douche\",\"Douche encastr\u00e9e\",\"douchette\",\"mitigeur de douche\",\"paroi de douche\",\"receveur de douche\"],\"articleSection\":[\"Actualit\u00e9s\",\"Offres sp\u00e9ciales\"],\"inLanguage\":\"fr-FR\"},{\"@type\":\"WebPage\",\"@id\":\"https:\/\/www.routhiau.fr\/cms\/actualites\/mois-douche-2023\/\",\"url\":\"https:\/\/www.routhiau.fr\/cms\/actualites\/mois-douche-2023\/\",\"name\":\"Mois de la douche 2023 - Routhiau\",\"isPartOf\":{\"@id\":\"https:\/\/www.routhiau.fr\/cms\/#website\"},\"primaryImageOfPage\":{\"@id\":\"https:\/\/www.routhiau.fr\/cms\/actualites\/mois-douche-2023\/#primaryimage\"},\"image\":{\"@id\":\"https:\/\/www.routhiau.fr\/cms\/actualites\/mois-douche-2023\/#primaryimage\"},\"thumbnailUrl\":\"https:\/\/i0.wp.com\/www.routhiau.fr\/cms\/wp-content\/uploads\/2023\/09\/mois_douche_routhiau_2023.jpg?fit=1920%2C800&ssl=1\",\"datePublished\":\"2023-09-11T15:59:52+00:00\",\"dateModified\":\"2023-10-16T09:01:47+00:00\",\"description\":\"Du 11 septembre au 14 octobre 2023, profitez de la TVA offerte sur une s\u00e9lection de produits d\u00e9di\u00e9s \u00e0 la douche.\",\"breadcrumb\":{\"@id\":\"https:\/\/www.routhiau.fr\/cms\/actualites\/mois-douche-2023\/#breadcrumb\"},\"inLanguage\":\"fr-FR\",\"potentialAction\":[{\"@type\":\"ReadAction\",\"target\":[\"https:\/\/www.routhiau.fr\/cms\/actualites\/mois-douche-2023\/\"]}]},{\"@type\":\"ImageObject\",\"inLanguage\":\"fr-FR\",\"@id\":\"https:\/\/www.routhiau.fr\/cms\/actualites\/mois-douche-2023\/#primaryimage\",\"url\":\"https:\/\/i0.wp.com\/www.routhiau.fr\/cms\/wp-content\/uploads\/2023\/09\/mois_douche_routhiau_2023.jpg?fit=1920%2C800&ssl=1\",\"contentUrl\":\"https:\/\/i0.wp.com\/www.routhiau.fr\/cms\/wp-content\/uploads\/2023\/09\/mois_douche_routhiau_2023.jpg?fit=1920%2C800&ssl=1\",\"width\":1920,\"height\":800,\"caption\":\"Mois de la douche Routhiau 2023\"},{\"@type\":\"BreadcrumbList\",\"@id\":\"https:\/\/www.routhiau.fr\/cms\/actualites\/mois-douche-2023\/#breadcrumb\",\"itemListElement\":[{\"@type\":\"ListItem\",\"position\":1,\"name\":\"Home\",\"item\":\"https:\/\/www.routhiau.fr\/cms\/\"},{\"@type\":\"ListItem\",\"position\":2,\"name\":\"Mois de la douche 2023\"}]},{\"@type\":\"WebSite\",\"@id\":\"https:\/\/www.routhiau.fr\/cms\/#website\",\"url\":\"https:\/\/www.routhiau.fr\/cms\/\",\"name\":\"Routhiau\",\"description\":\"Votre expert en salle de bains, plomberie, chauffage, climatisation et \u00e9lectricit\u00e9. 8 showrooms salle de bains et 15 magasins plomberie, chauffage, climatisation et \u00e9lectricit\u00e9 r\u00e9partis dans tout le grand Ouest !\",\"publisher\":{\"@id\":\"https:\/\/www.routhiau.fr\/cms\/#organization\"},\"potentialAction\":[{\"@type\":\"SearchAction\",\"target\":{\"@type\":\"EntryPoint\",\"urlTemplate\":\"https:\/\/www.routhiau.fr\/cms\/?s={search_term_string}\"},\"query-input\":{\"@type\":\"PropertyValueSpecification\",\"valueRequired\":true,\"valueName\":\"search_term_string\"}}],\"inLanguage\":\"fr-FR\"},{\"@type\":\"Organization\",\"@id\":\"https:\/\/www.routhiau.fr\/cms\/#organization\",\"name\":\"Routhiau\",\"url\":\"https:\/\/www.routhiau.fr\/cms\/\",\"logo\":{\"@type\":\"ImageObject\",\"inLanguage\":\"fr-FR\",\"@id\":\"https:\/\/www.routhiau.fr\/cms\/#\/schema\/logo\/image\/\",\"url\":\"https:\/\/www.routhiau.fr\/cms\/wp-content\/uploads\/2021\/09\/Logo-Routhiau.png\",\"contentUrl\":\"https:\/\/www.routhiau.fr\/cms\/wp-content\/uploads\/2021\/09\/Logo-Routhiau.png\",\"width\":4961,\"height\":1486,\"caption\":\"Routhiau\"},\"image\":{\"@id\":\"https:\/\/www.routhiau.fr\/cms\/#\/schema\/logo\/image\/\"},\"sameAs\":[\"https:\/\/www.facebook.com\/routhiausas\",\"https:\/\/www.instagram.com\/societe_routhiau\",\"https:\/\/www.linkedin.com\/company\/routhiau-sas\"]},{\"@type\":\"Person\",\"@id\":\"https:\/\/www.routhiau.fr\/cms\/#\/schema\/person\/29fabcb7f91310d8fab4900232a7216c\",\"name\":\"wpRouthiau\",\"image\":{\"@type\":\"ImageObject\",\"inLanguage\":\"fr-FR\",\"@id\":\"https:\/\/www.routhiau.fr\/cms\/#\/schema\/person\/image\/\",\"url\":\"https:\/\/secure.gravatar.com\/avatar\/67010259bf1e33179010d9fd88084e7b?s=96&d=mm&r=g\",\"contentUrl\":\"https:\/\/secure.gravatar.com\/avatar\/67010259bf1e33179010d9fd88084e7b?s=96&d=mm&r=g\",\"caption\":\"wpRouthiau\"},\"sameAs\":[\"https:\/\/staging.routhiau.fr\/blog\/\"],\"url\":\"https:\/\/www.routhiau.fr\/cms\/author\/wprouthiau\/\"}]}<\/script>\n<!-- \/ Yoast SEO plugin. -->","yoast_head_json":{"title":"Mois de la douche 2023 - Routhiau","description":"Du 11 septembre au 14 octobre 2023, profitez de la TVA offerte sur une s\u00e9lection de produits d\u00e9di\u00e9s \u00e0 la douche.","robots":{"index":"index","follow":"follow","max-snippet":"max-snippet:-1","max-image-preview":"max-image-preview:large","max-video-preview":"max-video-preview:-1"},"canonical":"https:\/\/www.routhiau.fr\/cms\/actualites\/mois-douche-2023\/","og_locale":"fr_FR","og_type":"article","og_title":"Mois de la douche 2023 - Routhiau","og_description":"Du 11 septembre au 14 octobre 2023, profitez de la TVA offerte sur une s\u00e9lection de produits d\u00e9di\u00e9s \u00e0 la douche.","og_url":"https:\/\/www.routhiau.fr\/cms\/actualites\/mois-douche-2023\/","og_site_name":"Routhiau","article_publisher":"https:\/\/www.facebook.com\/routhiausas","article_published_time":"2023-09-11T15:59:52+00:00","article_modified_time":"2023-10-16T09:01:47+00:00","og_image":[{"width":1920,"height":800,"url":"https:\/\/www.routhiau.fr\/cms\/wp-content\/uploads\/2023\/09\/mois_douche_routhiau_2023.jpg","type":"image\/jpeg"}],"author":"wpRouthiau","twitter_card":"summary_large_image","twitter_misc":{"\u00c9crit par":"wpRouthiau","Dur\u00e9e de lecture estim\u00e9e":"2 minutes"},"schema":{"@context":"https:\/\/schema.org","@graph":[{"@type":"Article","@id":"https:\/\/www.routhiau.fr\/cms\/actualites\/mois-douche-2023\/#article","isPartOf":{"@id":"https:\/\/www.routhiau.fr\/cms\/actualites\/mois-douche-2023\/"},"author":{"name":"wpRouthiau","@id":"https:\/\/www.routhiau.fr\/cms\/#\/schema\/person\/29fabcb7f91310d8fab4900232a7216c"},"headline":"Mois de la douche 2023","datePublished":"2023-09-11T15:59:52+00:00","dateModified":"2023-10-16T09:01:47+00:00","mainEntityOfPage":{"@id":"https:\/\/www.routhiau.fr\/cms\/actualites\/mois-douche-2023\/"},"wordCount":329,"publisher":{"@id":"https:\/\/www.routhiau.fr\/cms\/#organization"},"image":{"@id":"https:\/\/www.routhiau.fr\/cms\/actualites\/mois-douche-2023\/#primaryimage"},"thumbnailUrl":"https:\/\/i0.wp.com\/www.routhiau.fr\/cms\/wp-content\/uploads\/2023\/09\/mois_douche_routhiau_2023.jpg?fit=1920%2C800&ssl=1","keywords":["barre de douche","colonne de douche","Douche encastr\u00e9e","douchette","mitigeur de douche","paroi de douche","receveur de douche"],"articleSection":["Actualit\u00e9s","Offres sp\u00e9ciales"],"inLanguage":"fr-FR"},{"@type":"WebPage","@id":"https:\/\/www.routhiau.fr\/cms\/actualites\/mois-douche-2023\/","url":"https:\/\/www.routhiau.fr\/cms\/actualites\/mois-douche-2023\/","name":"Mois de la douche 2023 - Routhiau","isPartOf":{"@id":"https:\/\/www.routhiau.fr\/cms\/#website"},"primaryImageOfPage":{"@id":"https:\/\/www.routhiau.fr\/cms\/actualites\/mois-douche-2023\/#primaryimage"},"image":{"@id":"https:\/\/www.routhiau.fr\/cms\/actualites\/mois-douche-2023\/#primaryimage"},"thumbnailUrl":"https:\/\/i0.wp.com\/www.routhiau.fr\/cms\/wp-content\/uploads\/2023\/09\/mois_douche_routhiau_2023.jpg?fit=1920%2C800&ssl=1","datePublished":"2023-09-11T15:59:52+00:00","dateModified":"2023-10-16T09:01:47+00:00","description":"Du 11 septembre au 14 octobre 2023, profitez de la TVA offerte sur une s\u00e9lection de produits d\u00e9di\u00e9s \u00e0 la douche.","breadcrumb":{"@id":"https:\/\/www.routhiau.fr\/cms\/actualites\/mois-douche-2023\/#breadcrumb"},"inLanguage":"fr-FR","potentialAction":[{"@type":"ReadAction","target":["https:\/\/www.routhiau.fr\/cms\/actualites\/mois-douche-2023\/"]}]},{"@type":"ImageObject","inLanguage":"fr-FR","@id":"https:\/\/www.routhiau.fr\/cms\/actualites\/mois-douche-2023\/#primaryimage","url":"https:\/\/i0.wp.com\/www.routhiau.fr\/cms\/wp-content\/uploads\/2023\/09\/mois_douche_routhiau_2023.jpg?fit=1920%2C800&ssl=1","contentUrl":"https:\/\/i0.wp.com\/www.routhiau.fr\/cms\/wp-content\/uploads\/2023\/09\/mois_douche_routhiau_2023.jpg?fit=1920%2C800&ssl=1","width":1920,"height":800,"caption":"Mois de la douche Routhiau 2023"},{"@type":"BreadcrumbList","@id":"https:\/\/www.routhiau.fr\/cms\/actualites\/mois-douche-2023\/#breadcrumb","itemListElement":[{"@type":"ListItem","position":1,"name":"Home","item":"https:\/\/www.routhiau.fr\/cms\/"},{"@type":"ListItem","position":2,"name":"Mois de la douche 2023"}]},{"@type":"WebSite","@id":"https:\/\/www.routhiau.fr\/cms\/#website","url":"https:\/\/www.routhiau.fr\/cms\/","name":"Routhiau","description":"Votre expert en salle de bains, plomberie, chauffage, climatisation et \u00e9lectricit\u00e9. 8 showrooms salle de bains et 15 magasins plomberie, chauffage, climatisation et \u00e9lectricit\u00e9 r\u00e9partis dans tout le grand Ouest !","publisher":{"@id":"https:\/\/www.routhiau.fr\/cms\/#organization"},"potentialAction":[{"@type":"SearchAction","target":{"@type":"EntryPoint","urlTemplate":"https:\/\/www.routhiau.fr\/cms\/?s={search_term_string}"},"query-input":{"@type":"PropertyValueSpecification","valueRequired":true,"valueName":"search_term_string"}}],"inLanguage":"fr-FR"},{"@type":"Organization","@id":"https:\/\/www.routhiau.fr\/cms\/#organization","name":"Routhiau","url":"https:\/\/www.routhiau.fr\/cms\/","logo":{"@type":"ImageObject","inLanguage":"fr-FR","@id":"https:\/\/www.routhiau.fr\/cms\/#\/schema\/logo\/image\/","url":"https:\/\/www.routhiau.fr\/cms\/wp-content\/uploads\/2021\/09\/Logo-Routhiau.png","contentUrl":"https:\/\/www.routhiau.fr\/cms\/wp-content\/uploads\/2021\/09\/Logo-Routhiau.png","width":4961,"height":1486,"caption":"Routhiau"},"image":{"@id":"https:\/\/www.routhiau.fr\/cms\/#\/schema\/logo\/image\/"},"sameAs":["https:\/\/www.facebook.com\/routhiausas","https:\/\/www.instagram.com\/societe_routhiau","https:\/\/www.linkedin.com\/company\/routhiau-sas"]},{"@type":"Person","@id":"https:\/\/www.routhiau.fr\/cms\/#\/schema\/person\/29fabcb7f91310d8fab4900232a7216c","name":"wpRouthiau","image":{"@type":"ImageObject","inLanguage":"fr-FR","@id":"https:\/\/www.routhiau.fr\/cms\/#\/schema\/person\/image\/","url":"https:\/\/secure.gravatar.com\/avatar\/67010259bf1e33179010d9fd88084e7b?s=96&d=mm&r=g","contentUrl":"https:\/\/secure.gravatar.com\/avatar\/67010259bf1e33179010d9fd88084e7b?s=96&d=mm&r=g","caption":"wpRouthiau"},"sameAs":["https:\/\/staging.routhiau.fr\/blog\/"],"url":"https:\/\/www.routhiau.fr\/cms\/author\/wprouthiau\/"}]}},"jetpack_featured_media_url":"https:\/\/i0.wp.com\/www.routhiau.fr\/cms\/wp-content\/uploads\/2023\/09\/mois_douche_routhiau_2023.jpg?fit=1920%2C800&ssl=1","_links":{"self":[{"href":"https:\/\/www.routhiau.fr\/cms\/wp-json\/wp\/v2\/posts\/7807"}],"collection":[{"href":"https:\/\/www.routhiau.fr\/cms\/wp-json\/wp\/v2\/posts"}],"about":[{"href":"https:\/\/www.routhiau.fr\/cms\/wp-json\/wp\/v2\/types\/post"}],"author":[{"embeddable":true,"href":"https:\/\/www.routhiau.fr\/cms\/wp-json\/wp\/v2\/users\/1"}],"replies":[{"embeddable":true,"href":"https:\/\/www.routhiau.fr\/cms\/wp-json\/wp\/v2\/comments?post=7807"}],"version-history":[{"count":18,"href":"https:\/\/www.routhiau.fr\/cms\/wp-json\/wp\/v2\/posts\/7807\/revisions"}],"predecessor-version":[{"id":8000,"href":"https:\/\/www.routhiau.fr\/cms\/wp-json\/wp\/v2\/posts\/7807\/revisions\/8000"}],"wp:featuredmedia":[{"embeddable":true,"href":"https:\/\/www.routhiau.fr\/cms\/wp-json\/wp\/v2\/media\/7810"}],"wp:attachment":[{"href":"https:\/\/www.routhiau.fr\/cms\/wp-json\/wp\/v2\/media?parent=7807"}],"wp:term":[{"taxonomy":"category","embeddable":true,"href":"https:\/\/www.routhiau.fr\/cms\/wp-json\/wp\/v2\/categories?post=7807"},{"taxonomy":"post_tag","embeddable":true,"href":"https:\/\/www.routhiau.fr\/cms\/wp-json\/wp\/v2\/tags?post=7807"}],"curies":[{"name":"wp","href":"https:\/\/api.w.org\/{rel}","templated":true}]}}